[{"@context":"https:\/\/schema.org\/","@type":"Article","@id":"https:\/\/www.pavan.cz\/bublinky-na-obaly\/#Article","mainEntityOfPage":"https:\/\/www.pavan.cz\/bublinky-na-obaly\/","headline":"Bublinky na obaly","name":"Bublinky na obaly","description":"Pracuji v obchod\u011b, kde pr\u00e1v\u011b bal\u00edme r\u016fzn\u00e9 zbo\u017e\u00ed a potom ho tak\u00e9 odes\u00edl\u00e1me r\u016fznou p\u0159epravn\u00ed slu\u017ebou k z\u00e1kazn\u00edk\u016fm. Prod\u00e1v\u00e1me oble\u010den\u00ed, ale tak\u00e9 dom\u00e1c\u00ed dopl\u0148ky, jako nap\u0159\u00edklad kr\u00e1sn\u00e9 dekorace, co\u017e m\u016f\u017eou b\u00fdt tak\u00e9 sv\u00edcny a nebo r\u016fzn\u00e9 dekora\u010dn\u00ed skleni\u010dky \u010di postavi\u010dky. A aby samoz\u0159ejm\u011b v\u0161echno dorazilo opravdu bezpe\u010dn\u011b k z\u00e1kazn\u00edkovi, tak\u00e9 db\u00e1me na to, aby v\u0161echno","datePublished":"2023-08-27","dateModified":"2023-09-29","author":{"@type":"Person","@id":"https:\/\/www.pavan.cz\/author\/#Person","name":"","url":"https:\/\/www.pavan.cz\/author\/","identifier":1,"image":{"@type":"ImageObject","@id":"https:\/\/secure.gravatar.com\/avatar\/a414941ff2b86a79f1a70a433f21d60df00047fefe742a46b6fded139881a475?s=96&d=mm&r=g","url":"https:\/\/secure.gravatar.com\/avatar\/a414941ff2b86a79f1a70a433f21d60df00047fefe742a46b6fded139881a475?s=96&d=mm&r=g","height":96,"width":96}},"publisher":{"@type":"Organization","name":"pavan.cz","logo":{"@type":"ImageObject","@id":"\/logo.png","url":"\/logo.png","width":600,"height":60}},"image":{"@type":"ImageObject","@id":"https:\/\/www.pavan.cz\/wp-content\/uploads\/makeup-4749413_1280_1.jpg","url":"https:\/\/www.pavan.cz\/wp-content\/uploads\/makeup-4749413_1280_1.jpg","height":0,"width":0},"url":"https:\/\/www.pavan.cz\/bublinky-na-obaly\/","about":["V\u00fdrobky"],"wordCount":435,"articleBody":"      Pracuji v obchod\u011b, kde pr\u00e1v\u011b bal\u00edme r\u016fzn\u00e9 zbo\u017e\u00ed a potom ho tak\u00e9 odes\u00edl\u00e1me r\u016fznou p\u0159epravn\u00ed slu\u017ebou k z\u00e1kazn\u00edk\u016fm. Prod\u00e1v\u00e1me oble\u010den\u00ed, ale tak\u00e9 dom\u00e1c\u00ed dopl\u0148ky, jako nap\u0159\u00edklad kr\u00e1sn\u00e9 dekorace, co\u017e m\u016f\u017eou b\u00fdt tak\u00e9 sv\u00edcny a nebo r\u016fzn\u00e9 dekora\u010dn\u00ed skleni\u010dky \u010di postavi\u010dky. A aby samoz\u0159ejm\u011b v\u0161echno dorazilo opravdu bezpe\u010dn\u011b k z\u00e1kazn\u00edkovi, tak\u00e9 db\u00e1me na to, aby v\u0161echno bylo pe\u010dliv\u011b zabalen\u00e9, aby z\u00e1kazn\u00edk byl spokojen\u00fd. Pou\u017e\u00edv\u00e1me r\u016fzn\u00fd obalov\u00fd materi\u00e1l, jako nap\u0159\u00edklad kartonov\u00e9 krabice nebo m\u011bkk\u00e9 v\u00fdpln\u011b a tak\u00e9 bublinkov\u00e9 f\u00f3lie. \u0158eknu v\u00e1m, \u017ee m\u011b se zat\u00edm nejv\u00edce osv\u011bd\u010dily bublinkov\u00e9 f\u00f3lie. A nebo n\u011bco m\u011bkk\u00e9ho, jako nap\u0159\u00edklad m\u011bkk\u00e1 vata.Jenom\u017ee pozd\u011bji jsme se dozv\u011bd\u011bli, \u017ee vata vyjde v\u00edce draze a nav\u00edc se tak\u00e9 m\u00e9n\u011b ekologick\u00e1. Mus\u00ed se tam do toho d\u00e1t tak\u00e9 v\u00edce a potom se tak\u00e9 kolikr\u00e1t stalo, \u017ee vata se zahrnula na jenom na jedno m\u00edsto, tak\u017ee potom to v\u016fbec nem\u011blo \u017e\u00e1dn\u00fd smysl. Kolikr\u00e1t se stalo, \u017ee t\u0159eba porcel\u00e1nov\u00fd sv\u00edcen se zlomil a k z\u00e1kazn\u00edkovi potom p\u0159i\u0161el po\u0161kozen\u00fd a \u00fapln\u011b zlomen\u00fd, \u017ee ne\u0161el u\u017e ani opravit. Jsou potom s t\u00edm tak\u00e9 probl\u00e9my, proto\u017ee reklamace nen\u00ed tak \u00fapln\u011b jednoduch\u00e1 na \u010das a tak\u00e9 na administrativu, tak\u017ee jsme se v pr\u00e1ci rozhodli, \u017ee budeme pou\u017e\u00edvat pouze bublinkov\u00e9 f\u00f3lie.Dokonce i moje kolegyn\u011b \u0159ekla, \u017ee s bublinkov\u00fdm f\u00f3liemi se j\u00ed l\u00e9pe pracuje a pr\u00fd jsou tak\u00e9 v\u00edce praktick\u00e9, proto\u017ee do nich jde zabalit prakticky v\u0161echno. Pokud i vy byste m\u011bli z\u00e1jem o bublinkov\u00e9 f\u00f3lie, m\u016f\u017eete se pod\u00edvat na webov\u00e9 str\u00e1nky balteto.cz, kde tak\u00e9 zjist\u00edte cenu a nebo tak\u00e9 r\u016fzn\u00e9 tipy a m\u016f\u017eete se tak\u00e9 pod\u00edvat po dal\u0161\u00edm obalov\u00e9m materi\u00e1lu. J\u00e1 si mysl\u00edm, \u017ee pr\u00e1v\u011b ale bublinkov\u00e9 f\u00f3lie budou pro v\u00e1s naprosto ide\u00e1ln\u00ed, a\u0165 u\u017e bal\u00edte cokoliv. M\u016f\u017eete tam zabalit sklo i keramiku, a to v\u010detn\u011b kosmetiky nebo oble\u010den\u00ed. I kdy\u017e oble\u010den\u00ed samoz\u0159ejm\u011b do bublinkov\u00e9 f\u00f3lie d\u00e1vat nemus\u00edte, ale kdo chce, jako nap\u0159\u00edklad kabelky, tak samoz\u0159ejm\u011b bublinkovou f\u00f3lii m\u016f\u017ee bez obav a v klidu pou\u017e\u00edt.                                                                                                                                                                                                                                                                                                                                                                                           4.7\/5 - (3 votes)        "},{"@context":"https:\/\/schema.org\/","@type":"BreadcrumbList","itemListElement":[{"@type":"ListItem","position":1,"name":"Bublinky na obaly","item":"https:\/\/www.pavan.cz\/bublinky-na-obaly\/#breadcrumbitem"}]}]