[{"@context":"https:\/\/schema.org\/","@type":"Article","@id":"https:\/\/www.pavan.cz\/fotografove-a-jejich-dila\/#Article","mainEntityOfPage":"https:\/\/www.pavan.cz\/fotografove-a-jejich-dila\/","headline":"Fotografov\u00e9 a jejich d\u00edla","name":"Fotografov\u00e9 a jejich d\u00edla","description":"Fotograf se m\u016f\u017ee zab\u00fdvat r\u016fzn\u00fdmi v\u011bcmi. Je spousta zaj\u00edmav\u00fdch v\u011bc\u00ed, kter\u00e9 mohou d\u011blat. Ano v\u017edy se bude jednat o fotografov\u00e1n\u00ed, ale z\u00e1le\u017e\u00ed \u010deho. N\u011bco m\u00e1lo si te\u010f \u0159ekneme, \u010d\u00edm se fotografov\u00e9 mohou vlastn\u011b \u017eivit. Jednou z hlavn\u00edch fotografick\u00fdch moment\u016f jsou samoz\u0159ejm\u011b svatby, ale ty nemus\u00ed m\u00edt ka\u017ed\u00fd r\u00e1d, je na nich hodn\u011b sm\u00edchu a radosti.","datePublished":"2023-09-23","dateModified":"2023-10-31","author":{"@type":"Person","@id":"https:\/\/www.pavan.cz\/author\/#Person","name":"","url":"https:\/\/www.pavan.cz\/author\/","identifier":1,"image":{"@type":"ImageObject","@id":"https:\/\/secure.gravatar.com\/avatar\/a414941ff2b86a79f1a70a433f21d60df00047fefe742a46b6fded139881a475?s=96&d=mm&r=g","url":"https:\/\/secure.gravatar.com\/avatar\/a414941ff2b86a79f1a70a433f21d60df00047fefe742a46b6fded139881a475?s=96&d=mm&r=g","height":96,"width":96}},"publisher":{"@type":"Organization","name":"pavan.cz","logo":{"@type":"ImageObject","@id":"\/logo.png","url":"\/logo.png","width":600,"height":60}},"image":{"@type":"ImageObject","@id":"https:\/\/www.pavan.cz\/wp-content\/uploads\/family-7638962_1280.jpg","url":"https:\/\/www.pavan.cz\/wp-content\/uploads\/family-7638962_1280.jpg","height":0,"width":0},"url":"https:\/\/www.pavan.cz\/fotografove-a-jejich-dila\/","about":["Firmy"],"wordCount":402,"articleBody":"   Fotograf se m\u016f\u017ee zab\u00fdvat r\u016fzn\u00fdmi v\u011bcmi. Je spousta zaj\u00edmav\u00fdch v\u011bc\u00ed, kter\u00e9 mohou d\u011blat. Ano v\u017edy se bude jednat o fotografov\u00e1n\u00ed, ale z\u00e1le\u017e\u00ed \u010deho. N\u011bco m\u00e1lo si te\u010f \u0159ekneme, \u010d\u00edm se fotografov\u00e9 mohou vlastn\u011b \u017eivit. Jednou z hlavn\u00edch fotografick\u00fdch moment\u016f jsou samoz\u0159ejm\u011b svatby, ale ty nemus\u00ed m\u00edt ka\u017ed\u00fd r\u00e1d, je na nich hodn\u011b sm\u00edchu a radosti. Je velmi slo\u017eit\u00e9, abyste zachytili ten jedine\u010dn\u00fd okam\u017eik, kter\u00fd n\u011bkomu zm\u011bn\u00ed \u017eivot a u jin\u00e9ho to bude jen dal\u0161\u00ed jeden den. Jsou to kr\u00e1sn\u00e9 momenty kdy se oba dva, jak \u017eenich, tak i nev\u011bsta chystaj\u00ed a obl\u00e9kaj\u00ed a pak si \u0159eknou sv\u00e9 ano. Stejn\u011b tak z\u00e1le\u017e\u00ed na vyfocen\u00ed prostor\u016f, kde se to kon\u00e1 a samotnou v\u00fdzdobu j\u00eddeln\u00edho stolu, kdy se pod\u00e1v\u00e1 pol\u00e9vka a novoman\u017eel\u00e9 se vz\u00e1jemn\u011b krm\u00ed nebo p\u0159i prvn\u00edm spole\u010dn\u00e9m tanci, kdy je st\u0159\u00eddaj\u00ed rodi\u010de a posl\u00e9ze i nejbli\u017e\u0161\u00ed host\u00e9. Cel\u00fd den je pro fotografa velmi n\u00e1ro\u010dn\u00fd a dok\u00e1\u017ee b\u011bhem dne vyfotit i tis\u00edce kr\u00e1sn\u00fdch fotek, ze kter\u00fdch je pak pot\u0159eba vybrat ty nejlep\u0161\u00ed a upravit je. Pak jsou tu fotografov\u00e9, kte\u0159\u00ed se \u017eiv\u00fd klasick\u00fdm focen\u00ed nap\u0159\u00edklad novorozen\u00fdch d\u011bt\u00ed, nebo rodinn\u00fdch fotek. V l\u00e9t\u011b fot\u00ed venku a v zimn\u00ed obdob\u00ed v\u00e1m ud\u011blaj\u00ed v\u00e1no\u010dn\u00ed fotografie do alba pro rodinu. Mohou fotit prvn\u00ed narozeniny nebo ty osmdes\u00e1t\u00fd. D\u00e1le se zab\u00fdvaj\u00ed portr\u00e9ty, akty nebo stylizovan\u00e9 fotografie. To je druh\u00e1 varianta, kterou se m\u016f\u017ee fotograf \u017eivit. T\u0159et\u00ed a nejv\u00edce neobvyklou jsou fotografie, kde nejsou hlavn\u00edm bodem lid\u00e9, ale naopak prostory, architektura, domovy, firmy, kancel\u00e1\u0159e, stavby a restaurace. Tito fotografov\u00e9 se \u017eiv\u00fd focen\u00edm prostor\u016f pro jednotliv\u00e9 z\u00e1kazn\u00edky, kte\u0159\u00ed je cht\u011bj\u00ed jako uk\u00e1zku do sv\u00fdch prezentac\u00ed nebo uk\u00e1zkov\u00e9 foto sv\u00e9 firmy a dal\u0161\u00ed. Mohou to b\u00fdt fotografie interi\u00e9r\u016f pro realitn\u00ed kancel\u00e1\u0159e, kde je pot\u0159eba nafotit prostory domu, nebo bytu, kter\u00fd bude na prodej. I toto je jeden z druh\u016f focen\u00ed. Reklamn\u00ed a architektonick\u00e9 stavby jsou d\u016fle\u017eit\u00fdm fotografick\u00fdm um\u011bn\u00edm, kter\u00e9 n\u011bkter\u00e9 fotografy l\u00e1k\u00e1 v\u00edc ne\u017e svatby a oslavy.                                                                                                                                                                                                                                                                                                                                                                                           4.2\/5 - (12 votes)        "},{"@context":"https:\/\/schema.org\/","@type":"BreadcrumbList","itemListElement":[{"@type":"ListItem","position":1,"name":"Fotografov\u00e9 a jejich d\u00edla","item":"https:\/\/www.pavan.cz\/fotografove-a-jejich-dila\/#breadcrumbitem"}]}]