[{"@context":"https:\/\/schema.org\/","@type":"Article","@id":"https:\/\/www.pavan.cz\/moda-a-obleceni\/#Article","mainEntityOfPage":"https:\/\/www.pavan.cz\/moda-a-obleceni\/","headline":"M\u00f3da a oble\u010den\u00ed","name":"M\u00f3da a oble\u010den\u00ed","description":"Mnoho lid&Atilde;&shy; se zaj&Atilde;&shy;m&Atilde;&iexcl; o m&Atilde;&sup3;du. A&Acirc;&nbsp;m&Atilde;&sup3;du se lid&Atilde;&copy; zaj&Atilde;&shy;maj&Atilde;&shy; hlavn&Auml;&#8250; z toho d&Aring;&macr;vodu, aby v&Auml;&#8250;d&Auml;&#8250;li, co je t&Aring;&#8482;eba modern&Atilde;&shy; anebo co se jim l&Atilde;&shy;b&Atilde;&shy;, proto&Aring;&frac34;e n&Auml;&#8250;kte&Aring;&#8482;&Atilde;&shy; lid&Atilde;&copy; t&Aring;&#8482;eba je&Aring;&iexcl;t&Auml;&#8250; ani ve dvaceti&Acirc;&nbsp;letech nev&Atilde;&shy;, co je vlastn&Auml;&#8250; bav&Atilde;&shy; anebo co jsou za&Auml;. A t&Aring;&#8482;eba lid&Atilde;&copy; ve dvaceti&Acirc;&nbsp;letech st&Atilde;&iexcl;le hledaj&Atilde;&shy; je&Aring;&iexcl;t&Auml;&#8250; svou vlastn&Atilde;&shy; identitu. Tak&Atilde;&copy;&Acirc;&nbsp;samoz&Aring;&#8482;ejm&Auml;&#8250; mohou","datePublished":"2023-09-23","dateModified":"2024-02-23","author":{"@type":"Person","@id":"https:\/\/www.pavan.cz\/author\/#Person","name":"","url":"https:\/\/www.pavan.cz\/author\/","identifier":1,"image":{"@type":"ImageObject","@id":"https:\/\/secure.gravatar.com\/avatar\/a414941ff2b86a79f1a70a433f21d60df00047fefe742a46b6fded139881a475?s=96&d=mm&r=g","url":"https:\/\/secure.gravatar.com\/avatar\/a414941ff2b86a79f1a70a433f21d60df00047fefe742a46b6fded139881a475?s=96&d=mm&r=g","height":96,"width":96}},"publisher":{"@type":"Organization","name":"pavan.cz","logo":{"@type":"ImageObject","@id":"\/logo.png","url":"\/logo.png","width":600,"height":60}},"image":{"@type":"ImageObject","@id":"https:\/\/www.pavan.cz\/wp-content\/uploads\/fashion-4905779_960_720.jpg","url":"https:\/\/www.pavan.cz\/wp-content\/uploads\/fashion-4905779_960_720.jpg","height":0,"width":0},"url":"https:\/\/www.pavan.cz\/moda-a-obleceni\/","about":["M\u00f3da"],"wordCount":850,"articleBody":"Mnoho lid&Atilde;&shy; se zaj&Atilde;&shy;m&Atilde;&iexcl; o m&Atilde;&sup3;du. A&Acirc;&nbsp;m&Atilde;&sup3;du se lid&Atilde;&copy; zaj&Atilde;&shy;maj&Atilde;&shy; hlavn&Auml;&#8250; z toho d&Aring;&macr;vodu, aby v&Auml;&#8250;d&Auml;&#8250;li, co je t&Aring;&#8482;eba modern&Atilde;&shy; anebo co se jim l&Atilde;&shy;b&Atilde;&shy;, proto&Aring;&frac34;e n&Auml;&#8250;kte&Aring;&#8482;&Atilde;&shy; lid&Atilde;&copy; t&Aring;&#8482;eba je&Aring;&iexcl;t&Auml;&#8250; ani ve dvaceti&Acirc;&nbsp;letech nev&Atilde;&shy;, co je vlastn&Auml;&#8250; bav&Atilde;&shy; anebo co jsou za&Auml;. A t&Aring;&#8482;eba lid&Atilde;&copy; ve dvaceti&Acirc;&nbsp;letech st&Atilde;&iexcl;le hledaj&Atilde;&shy; je&Aring;&iexcl;t&Auml;&#8250; svou vlastn&Atilde;&shy; identitu. Tak&Atilde;&copy;&Acirc;&nbsp;samoz&Aring;&#8482;ejm&Auml;&#8250; mohou hledat sv&Aring;&macr;j styl anebo svou m&Atilde;&sup3;du, hlavn&Auml;&#8250; to, co je bav&Atilde;&shy; a co jim bude slu&Aring;&iexcl;et. Ale v neposledn&Atilde;&shy; &Aring;&#8482;ad&Auml;&#8250; je tak&Atilde;&copy; d&Aring;&macr;le&Aring;&frac34;it&Atilde;&copy;, aby se lid&Atilde;&copy;, kte&Aring;&#8482;&Atilde;&shy; nos&Atilde;&shy; to oble&Auml;en&Atilde;&shy;, aby se c&Atilde;&shy;tili hlavn&Auml;&#8250; v pohod&Auml;&#8250;, nen&Atilde;&shy; m&Atilde;&sup3;da jako m&Atilde;&sup3;da. M&Atilde;&sup3;da se opravdu m&Aring;&macr;&Aring;&frac34;e r&Aring;&macr;znit a m&Atilde;&sup3;da se m&Aring;&macr;&Aring;&frac34;e li&Aring;&iexcl;it. A to, co se l&Atilde;&shy;b&Atilde;&shy; va&Aring;&iexcl;&Atilde;&shy; kamar&Atilde;&iexcl;dce anebo va&Aring;&iexcl;emu kamar&Atilde;&iexcl;dovi nebo n&Auml;&#8250;komu jin&Atilde;&copy;mu, tak se samoz&Aring;&#8482;ejm&Auml;&#8250; zase v&Aring;&macr;bec nemus&Atilde;&shy; l&Atilde;&shy;bit v&Atilde;&iexcl;m. A co se l&Atilde;&shy;b&Atilde;&shy; v&Atilde;&iexcl;m, tak se samoz&Aring;&#8482;ejm&Auml;&#8250; zase v&Aring;&macr;bec nemus&Atilde;&shy; l&Atilde;&shy;bit va&Aring;&iexcl;im zn&Atilde;&iexcl;m&Atilde;&frac12;m anebo va&Aring;&iexcl;&Atilde;&shy; nejlep&Aring;&iexcl;&Atilde;&shy; kamar&Atilde;&iexcl;dce anebo zbytku rodiny. Proto je tak&Atilde;&copy; d&Aring;&macr;le&Aring;&frac34;it&Atilde;&copy; v&Auml;&#8250;d&Auml;&#8250;t, &Aring;&frac34;e kdy&Aring;&frac34; se n&Auml;&#8250;komu n&Auml;&#8250;co l&Atilde;&shy;b&Atilde;&shy; a v&Atilde;&iexcl;m ne, tak mu to hlavn&Auml;&#8250; neha&Aring;&#710;te a ne&Aring;&#8482;&Atilde;&shy;kejte, a&Aring;&yen;&Acirc;&nbsp;si&Acirc;&nbsp;to nekupuje, &Aring;&frac34;e je to &Aring;&iexcl;kared&Atilde;&copy; a &Aring;&frac34;e je to blb&Atilde;&iexcl; m&Atilde;&sup3;da. Tohle rozhodn&Auml;&#8250; nikdy ned&Auml;&#8250;lejte, proto&Aring;&frac34;e t&Aring;&#8482;eba n&Auml;&#8250;komu se&Acirc;&nbsp;tak&Atilde;&copy; na v&Atilde;&iexcl;s n&Auml;&#8250;co nel&Atilde;&shy;b&Atilde;&shy; a tak&Atilde;&copy; v&Atilde;&iexcl;m to ne&Aring;&#8482;ekne. T&Aring;&#8482;eba doty&Auml;n&Atilde;&frac12; &Auml;lov&Auml;&#8250;k je taktn&Atilde;&shy; a nechce d&Auml;&#8250;lat mezi v&Atilde;&iexcl;mi peklo, proto&Acirc;&nbsp;jsem si &Aring;&#8482;ekla, &Aring;&frac34;e i kdy&Aring;&frac34; m&Auml;&#8250; se l&Atilde;&shy;b&Atilde;&shy; n&Auml;&#8250;jak&Atilde;&iexcl; m&Atilde;&sup3;da a na druh&Atilde;&copy;m&Acirc;&nbsp;mi to p&Aring;&#8482;ijde takov&Atilde;&copy; divn&Atilde;&copy;, tak j&Atilde;&iexcl; mu to jednodu&Aring;&iexcl;e &Aring;&#8482;eknu. &Aring;&#732;eknu mu, &Aring;&frac34;e mu tohle&Acirc;&nbsp;neslu&Aring;&iexcl;&Atilde;&shy;&Acirc;&nbsp;a zkusila bych t&Aring;&#8482;eba jinou alternativu, t&Aring;&#8482;eba kdy&Aring;&frac34; n&Auml;&#8250;kdo chce ko&Aring;&frac34;enou bundu, tak bych rozhodn&Auml;&#8250; zkusila t&Aring;&#8482;eba jin&Atilde;&frac12; typ anebo jin&Atilde;&frac12; st&Aring;&#8482;ih ko&Aring;&frac34;en&Atilde;&copy; bundy. P&Aring;&#8482;eci&Acirc;&nbsp;je lep&Aring;&iexcl;&Atilde;&shy;, kdy&Aring;&frac34; n&Auml;&#8250;komu n&Auml;&#8250;co slu&Aring;&iexcl;&Atilde;&shy; &Atilde;&ordm;pln&Auml;&#8250; dokonale ne&Aring;&frac34; jenom, abych p&Aring;&#8482;edst&Atilde;&shy;rala, &Aring;&frac34;e mu to slu&Aring;&iexcl;&Atilde;&shy; jenom abych n&Auml;&#8250;koho pot&Auml;&#8250;&Aring;&iexcl;ila. J&Atilde;&iexcl; jsem opravdu pravdomluvn&Atilde;&frac12;&Acirc;&nbsp;&Auml;lov&Auml;&#8250;k. Tak&Atilde;&copy; je&Aring;&iexcl;t&Auml;&#8250; jsem zapomn&Auml;&#8250;la zm&Atilde;&shy;nit r&Aring;&macr;zn&Atilde;&copy; modern&Atilde;&shy; kreace. Takov&Atilde;&copy; m&Atilde;&sup3;dn&Atilde;&shy; kreace, &Auml;emu se &Aring;&#8482;&Atilde;&shy;k&Atilde;&iexcl; vysok&Atilde;&iexcl; m&Atilde;&sup3;da? Vid&Auml;&#8250;li jste to n&Auml;&#8250;kdy? &Aring;&#732;eknu v&Atilde;&iexcl;m, &Aring;&frac34;e tohle se nos&Atilde;&shy; nejl&Atilde;&copy;pe na plesech anebo tak&Atilde;&copy; na b&Atilde;&iexcl;lech.&Acirc;&nbsp;                                                                                                                                                                                                                                                                                                                                                                                        4.7\/5 - (4 votes)        "},{"@context":"https:\/\/schema.org\/","@type":"BreadcrumbList","itemListElement":[{"@type":"ListItem","position":1,"name":"M\u00f3da a oble\u010den\u00ed","item":"https:\/\/www.pavan.cz\/moda-a-obleceni\/#breadcrumbitem"}]}]