[{"@context":"https:\/\/schema.org\/","@type":"Article","@id":"https:\/\/www.pavan.cz\/o-vyhodach-zasedaci-mistnosti-virtualniho-sidla-firmy-v-praze\/#Article","mainEntityOfPage":"https:\/\/www.pavan.cz\/o-vyhodach-zasedaci-mistnosti-virtualniho-sidla-firmy-v-praze\/","headline":"O v\u00fdhod\u00e1ch zasedac\u00ed m\u00edstnosti virtu\u00e1ln\u00edho s\u00eddla firmy v Praze","name":"O v\u00fdhod\u00e1ch zasedac\u00ed m\u00edstnosti virtu\u00e1ln\u00edho s\u00eddla firmy v Praze","description":"Kdo si z\u0159\u00edd\u00ed virtu\u00e1ln\u00ed s\u00eddlo v Praze, m\u016f\u017ee po\u010d\u00edtat s t\u00edm, \u017ee bude m\u00edt k dispozici i zasedac\u00ed m\u00edstnost s toaletou a kuchy\u0148sk\u00fdm koutem, kde lze p\u0159ipravit k\u00e1vu anebo nachystat mal\u00e9 ob\u010derstven\u00ed. Tyto prostory lze vyu\u017e\u00edt pro podnikatelsk\u00fd z\u00e1m\u011br velice efektivn\u011b a my bychom si tu mohli nast\u00ednit, pro\u010d je v\u00fdhodn\u00e9 \u017e\u00e1dat o s\u00eddlo firmy","datePublished":"2024-07-27","dateModified":"2024-07-27","author":{"@type":"Person","@id":"https:\/\/www.pavan.cz\/author\/#Person","name":"","url":"https:\/\/www.pavan.cz\/author\/","identifier":1,"image":{"@type":"ImageObject","@id":"https:\/\/secure.gravatar.com\/avatar\/a414941ff2b86a79f1a70a433f21d60df00047fefe742a46b6fded139881a475?s=96&d=mm&r=g","url":"https:\/\/secure.gravatar.com\/avatar\/a414941ff2b86a79f1a70a433f21d60df00047fefe742a46b6fded139881a475?s=96&d=mm&r=g","height":96,"width":96}},"publisher":{"@type":"Organization","name":"pavan.cz","logo":{"@type":"ImageObject","@id":"\/logo.png","url":"\/logo.png","width":600,"height":60}},"image":{"@type":"ImageObject","@id":"https:\/\/www.pavan.cz\/wp-content\/uploads\/office-820390_640_4.jpg","url":"https:\/\/www.pavan.cz\/wp-content\/uploads\/office-820390_640_4.jpg","height":0,"width":0},"url":"https:\/\/www.pavan.cz\/o-vyhodach-zasedaci-mistnosti-virtualniho-sidla-firmy-v-praze\/","about":["Firmy"],"wordCount":410,"articleBody":"   Kdo si z\u0159\u00edd\u00ed virtu\u00e1ln\u00ed s\u00eddlo v Praze, m\u016f\u017ee po\u010d\u00edtat s t\u00edm, \u017ee bude m\u00edt k dispozici i zasedac\u00ed m\u00edstnost s toaletou a kuchy\u0148sk\u00fdm koutem, kde lze p\u0159ipravit k\u00e1vu anebo nachystat mal\u00e9 ob\u010derstven\u00ed. Tyto prostory lze vyu\u017e\u00edt pro podnikatelsk\u00fd z\u00e1m\u011br velice efektivn\u011b a my bychom si tu mohli nast\u00ednit, pro\u010d je v\u00fdhodn\u00e9 \u017e\u00e1dat o s\u00eddlo firmy pr\u00e1v\u011b zde:M\u016f\u017eete tam pozvat kohokoli \u2013 kdybyste zakl\u00e1dali firmu u v\u00e1s doma, byli byste odk\u00e1z\u00e1ni na obchodn\u00ed jedn\u00e1n\u00ed a podpisy smluv bu\u010f na prostory u v\u00e1s doma, anebo na prost\u0159ed\u00ed hotel\u016f, restaurac\u00ed, kav\u00e1ren,  \u010dajoven n, pizzeri\u00ed a dal\u0161\u00edch podobn\u00fdch provozoven. V \u017e\u00e1dn\u00e9 z nich ale nebudete m\u00edt pot\u0159ebn\u00e9 soukrom\u00ed, maxim\u00e1ln\u011b v n\u011bjak\u00e9m soukrom\u00e9m sal\u00f3nku, nebo v hotelov\u00e9m apartm\u00e1, ale to se v\u00e1m zbyte\u010dn\u011b prodra\u017e\u00ed a ne v\u017edy je volno tam, kde pot\u0159ebujete. A pro obchodn\u00ed jedn\u00e1n\u00ed nen\u00ed tak\u00e9 nejvhodn\u011bj\u0161\u00ed m\u00edsto p\u0159\u00edmo v dom\u00e1cnosti, \u010d\u00edm\u017e ztr\u00e1c\u00edte sv\u00e9 soukrom\u00ed a naru\u0161uje to pak chod va\u0161\u00ed rodiny. V zasedac\u00ed m\u00edstnosti m\u00e1te naopak soukrom\u00ed, klid, a tak\u00e9 reprezentativn\u00ed prostory.Reprezentativnost \u2013 s\u00eddla v Praze p\u016fsob\u00ed na ka\u017ed\u00e9ho klienta presti\u017en\u011b, rozhodn\u011b l\u00e9pe, ne\u017e mal\u00e1 obec, i kdy\u017e m\u016f\u017eete bydlet v malebn\u00e9 oblasti Pos\u00e1zav\u00ed nebo v okol\u00ed Berounky. V Praze je tak\u00e9 mnoho mo\u017enost\u00ed k n\u00e1kup\u016fm, m\u00e1te tu k dispozici r\u016fzn\u00e1 sportovi\u0161t\u011b a pochopiteln\u011b i stovky restaurac\u00ed, kav\u00e1ren, vin\u00e1ren, \u010dajoven a dal\u0161\u00edch podnik\u016f. V Praze m\u016f\u017eete nav\u0161t\u00edvit \u0159adu slu\u017eeb, jako jsou kade\u0159nictv\u00ed, mas\u00e1\u017ee a wellness procedury a lze vyu\u017e\u00edt i soukrom\u00e9 krej\u010d\u00ed, obuvn\u00edky, m\u00f3dn\u00ed n\u00e1vrh\u00e1\u0159e a dal\u0161\u00ed profese, kter\u00e9 v\u00e1m mohou b\u00fdt prosp\u011b\u0161n\u00e9 pro va\u0161i podnikatelskou \u010dinnost. P\u0159\u00edroda \u2013 Praha nen\u00ed p\u0159elidn\u011bn\u00e9 velkom\u011bsto, pln\u00e9 betonu a asfaltu, je zde velmi mnoho zelen\u011b v parc\u00edch a dokonce i v p\u0159\u00edrodn\u00edch pam\u00e1tk\u00e1ch, jako je P\u0159\u00edrodn\u00ed park Ko\u0161\u00ed\u0159e &#8211; Motol, P\u0159\u00edrodn\u00ed park Divok\u00e1 \u0160\u00e1rka &#8211; Lysolaje, P\u0159\u00edrodn\u00ed park Hostiva\u0159 \u2013 Z\u00e1b\u011bhlice, P\u0159\u00edrodn\u00ed park Smetanka, P\u0159\u00edrodn\u00ed park Proseck\u00e9 sk\u00e1ly, P\u0159\u00edrodn\u00ed park Kr\u00e1lovsk\u00e1 obora Stromovka a mnoho dal\u0161\u00edch zaj\u00edmav\u00fdch m\u00edst.                                                                                                                                                                                                                                                                                                                                                                                           2\/5 - (1 vote)        "},{"@context":"https:\/\/schema.org\/","@type":"BreadcrumbList","itemListElement":[{"@type":"ListItem","position":1,"name":"O v\u00fdhod\u00e1ch zasedac\u00ed m\u00edstnosti virtu\u00e1ln\u00edho s\u00eddla firmy v Praze","item":"https:\/\/www.pavan.cz\/o-vyhodach-zasedaci-mistnosti-virtualniho-sidla-firmy-v-praze\/#breadcrumbitem"}]}]