[{"@context":"https:\/\/schema.org\/","@type":"Blog","@id":"https:\/\/www.pavan.cz#Blog","headline":"Pavan","description":"\nInternet je pln\u00fd nejr\u016fzn\u011bj\u0161\u00edch web\u016f. A proto\u017ee tyto nejsou jeden jako druh\u00fd, je z\u00e1hodno si z nich vybrat ty nejlep\u0161\u00ed nab\u00eddky. Tedy t\u0159eba i n\u00e1\u0161 web.","url":"https:\/\/www.pavan.cz","hasPart":[{"@type":"Article","@id":"https:\/\/www.pavan.cz\/kvalitni-a-rychla-strava\/","headline":"Kvalitn\u00ed a rychl\u00e1 strava","url":"https:\/\/www.pavan.cz\/kvalitni-a-rychla-strava\/","datePublished":"2021-04-12","dateModified":"2021-04-12","mainEntityOfPage":"https:\/\/www.pavan.cz\/kvalitni-a-rychla-strava\/","author":{"@type":"Person","@id":"https:\/\/www.pavan.cz\/author\/#Person","name":"","url":"https:\/\/www.pavan.cz\/author\/","identifier":1,"image":{"@type":"ImageObject","@id":"https:\/\/secure.gravatar.com\/avatar\/a414941ff2b86a79f1a70a433f21d60df00047fefe742a46b6fded139881a475?s=96&d=mm&r=g","url":"https:\/\/secure.gravatar.com\/avatar\/a414941ff2b86a79f1a70a433f21d60df00047fefe742a46b6fded139881a475?s=96&d=mm&r=g","height":96,"width":96}},"publisher":{"@type":"Organization","name":"pavan.cz","logo":{"@type":"ImageObject","@id":"\/logo.png","url":"\/logo.png","width":600,"height":60}},"image":{"@type":"ImageObject","@id":"https:\/\/www.pavan.cz\/wp-content\/uploads\/profesion%C3%A1ln%C3%AD%20kuchyn%C4%9B_xTmHr9.jpg","url":"https:\/\/www.pavan.cz\/wp-content\/uploads\/profesion%C3%A1ln%C3%AD%20kuchyn%C4%9B_xTmHr9.jpg","height":0,"width":0},"wordCount":572,"keywords":null},{"@type":"Article","@id":"https:\/\/www.pavan.cz\/domov-ktery-vas-svym-interierem-naprosto-uchvati\/","headline":"Domov, kter\u00fd v\u00e1s sv\u00fdm interi\u00e9rem naprosto uchv\u00e1t\u00ed","url":"https:\/\/www.pavan.cz\/domov-ktery-vas-svym-interierem-naprosto-uchvati\/","datePublished":"2020-12-27","dateModified":"2020-12-27","mainEntityOfPage":"https:\/\/www.pavan.cz\/domov-ktery-vas-svym-interierem-naprosto-uchvati\/","author":{"@type":"Person","@id":"https:\/\/www.pavan.cz\/author\/#Person","name":"","url":"https:\/\/www.pavan.cz\/author\/","identifier":1,"image":{"@type":"ImageObject","@id":"https:\/\/secure.gravatar.com\/avatar\/a414941ff2b86a79f1a70a433f21d60df00047fefe742a46b6fded139881a475?s=96&d=mm&r=g","url":"https:\/\/secure.gravatar.com\/avatar\/a414941ff2b86a79f1a70a433f21d60df00047fefe742a46b6fded139881a475?s=96&d=mm&r=g","height":96,"width":96}},"publisher":{"@type":"Organization","name":"pavan.cz","logo":{"@type":"ImageObject","@id":"\/logo.png","url":"\/logo.png","width":600,"height":60}},"image":{"@type":"ImageObject","@id":"https:\/\/www.pavan.cz\/wp-content\/uploads\/Designov%C3%BD%20interi%C3%A9r_1.jpg","url":"https:\/\/www.pavan.cz\/wp-content\/uploads\/Designov%C3%BD%20interi%C3%A9r_1.jpg","height":0,"width":0},"wordCount":628,"keywords":null},{"@type":"Article","@id":"https:\/\/www.pavan.cz\/slusne-bydleni-za-slusnou-cenu\/","headline":"Slu\u0161n\u00e9 bydlen\u00ed za slu\u0161nou cenu","url":"https:\/\/www.pavan.cz\/slusne-bydleni-za-slusnou-cenu\/","datePublished":"2020-11-15","dateModified":"2020-11-15","mainEntityOfPage":"https:\/\/www.pavan.cz\/slusne-bydleni-za-slusnou-cenu\/","author":{"@type":"Person","@id":"https:\/\/www.pavan.cz\/author\/#Person","name":"","url":"https:\/\/www.pavan.cz\/author\/","identifier":1,"image":{"@type":"ImageObject","@id":"https:\/\/secure.gravatar.com\/avatar\/a414941ff2b86a79f1a70a433f21d60df00047fefe742a46b6fded139881a475?s=96&d=mm&r=g","url":"https:\/\/secure.gravatar.com\/avatar\/a414941ff2b86a79f1a70a433f21d60df00047fefe742a46b6fded139881a475?s=96&d=mm&r=g","height":96,"width":96}},"publisher":{"@type":"Organization","name":"pavan.cz","logo":{"@type":"ImageObject","@id":"\/logo.png","url":"\/logo.png","width":600,"height":60}},"image":{"@type":"ImageObject","@id":"https:\/\/www.pavan.cz\/wp-content\/uploads\/Bydlen%C3%AD.jpg","url":"https:\/\/www.pavan.cz\/wp-content\/uploads\/Bydlen%C3%AD.jpg","height":0,"width":0},"wordCount":652,"keywords":null},{"@type":"Article","@id":"https:\/\/www.pavan.cz\/s-cyklistikou-muzete-zacit-v-kazdem-veku\/","headline":"S cyklistikou m\u016f\u017eete za\u010d\u00edt v ka\u017ed\u00e9m v\u011bku","url":"https:\/\/www.pavan.cz\/s-cyklistikou-muzete-zacit-v-kazdem-veku\/","datePublished":"2020-09-19","dateModified":"2020-09-19","mainEntityOfPage":"https:\/\/www.pavan.cz\/s-cyklistikou-muzete-zacit-v-kazdem-veku\/","author":{"@type":"Person","@id":"https:\/\/www.pavan.cz\/author\/#Person","name":"","url":"https:\/\/www.pavan.cz\/author\/","identifier":1,"image":{"@type":"ImageObject","@id":"https:\/\/secure.gravatar.com\/avatar\/a414941ff2b86a79f1a70a433f21d60df00047fefe742a46b6fded139881a475?s=96&d=mm&r=g","url":"https:\/\/secure.gravatar.com\/avatar\/a414941ff2b86a79f1a70a433f21d60df00047fefe742a46b6fded139881a475?s=96&d=mm&r=g","height":96,"width":96}},"publisher":{"@type":"Organization","name":"pavan.cz","logo":{"@type":"ImageObject","@id":"\/logo.png","url":"\/logo.png","width":600,"height":60}},"image":{"@type":"ImageObject","@id":"https:\/\/www.pavan.cz\/wp-content\/uploads\/lesn%C3%AD%20cyklostezka.jpg","url":"https:\/\/www.pavan.cz\/wp-content\/uploads\/lesn%C3%AD%20cyklostezka.jpg","height":0,"width":0},"wordCount":588,"keywords":null},{"@type":"Article","@id":"https:\/\/www.pavan.cz\/propadani-webu\/","headline":"Propad\u00e1n\u00ed webu","url":"https:\/\/www.pavan.cz\/propadani-webu\/","datePublished":"2020-07-17","dateModified":"2020-07-17","mainEntityOfPage":"https:\/\/www.pavan.cz\/propadani-webu\/","author":{"@type":"Person","@id":"https:\/\/www.pavan.cz\/author\/#Person","name":"","url":"https:\/\/www.pavan.cz\/author\/","identifier":1,"image":{"@type":"ImageObject","@id":"https:\/\/secure.gravatar.com\/avatar\/a414941ff2b86a79f1a70a433f21d60df00047fefe742a46b6fded139881a475?s=96&d=mm&r=g","url":"https:\/\/secure.gravatar.com\/avatar\/a414941ff2b86a79f1a70a433f21d60df00047fefe742a46b6fded139881a475?s=96&d=mm&r=g","height":96,"width":96}},"publisher":{"@type":"Organization","name":"pavan.cz","logo":{"@type":"ImageObject","@id":"\/logo.png","url":"\/logo.png","width":600,"height":60}},"image":{"@type":"ImageObject","@id":"https:\/\/www.pavan.cz\/wp-content\/uploads\/Grafy.jpg","url":"https:\/\/www.pavan.cz\/wp-content\/uploads\/Grafy.jpg","height":0,"width":0},"wordCount":639,"keywords":null},{"@type":"Article","@id":"https:\/\/www.pavan.cz\/jake-muzeme-koupit-pro-hracku-masinka-tomas-koleje\/","headline":"Jak\u00e9 m\u016f\u017eeme koupit pro hra\u010dku Ma\u0161inka Tom\u00e1\u0161 koleje","url":"https:\/\/www.pavan.cz\/jake-muzeme-koupit-pro-hracku-masinka-tomas-koleje\/","datePublished":"2020-06-21","dateModified":"2020-06-21","mainEntityOfPage":"https:\/\/www.pavan.cz\/jake-muzeme-koupit-pro-hracku-masinka-tomas-koleje\/","author":{"@type":"Person","@id":"https:\/\/www.pavan.cz\/author\/#Person","name":"","url":"https:\/\/www.pavan.cz\/author\/","identifier":1,"image":{"@type":"ImageObject","@id":"https:\/\/secure.gravatar.com\/avatar\/a414941ff2b86a79f1a70a433f21d60df00047fefe742a46b6fded139881a475?s=96&d=mm&r=g","url":"https:\/\/secure.gravatar.com\/avatar\/a414941ff2b86a79f1a70a433f21d60df00047fefe742a46b6fded139881a475?s=96&d=mm&r=g","height":96,"width":96}},"publisher":{"@type":"Organization","name":"pavan.cz","logo":{"@type":"ImageObject","@id":"\/logo.png","url":"\/logo.png","width":600,"height":60}},"image":{"@type":"ImageObject","@id":"https:\/\/www.pavan.cz\/wp-content\/uploads\/vlak1_3.jpg","url":"https:\/\/www.pavan.cz\/wp-content\/uploads\/vlak1_3.jpg","height":0,"width":0},"wordCount":635,"keywords":null},{"@type":"Article","@id":"https:\/\/www.pavan.cz\/zlata-cisla-nejsou-urcena-jen-pro-podnikatele\/","headline":"Zlat\u00e1 \u010d\u00edsla nejsou ur\u010dena jen pro podnikatele","url":"https:\/\/www.pavan.cz\/zlata-cisla-nejsou-urcena-jen-pro-podnikatele\/","datePublished":"2020-02-18","dateModified":"2020-02-18","mainEntityOfPage":"https:\/\/www.pavan.cz\/zlata-cisla-nejsou-urcena-jen-pro-podnikatele\/","author":{"@type":"Person","@id":"https:\/\/www.pavan.cz\/author\/#Person","name":"","url":"https:\/\/www.pavan.cz\/author\/","identifier":1,"image":{"@type":"ImageObject","@id":"https:\/\/secure.gravatar.com\/avatar\/a414941ff2b86a79f1a70a433f21d60df00047fefe742a46b6fded139881a475?s=96&d=mm&r=g","url":"https:\/\/secure.gravatar.com\/avatar\/a414941ff2b86a79f1a70a433f21d60df00047fefe742a46b6fded139881a475?s=96&d=mm&r=g","height":96,"width":96}},"publisher":{"@type":"Organization","name":"pavan.cz","logo":{"@type":"ImageObject","@id":"\/logo.png","url":"\/logo.png","width":600,"height":60}},"image":{"@type":"ImageObject","@id":"https:\/\/www.pavan.cz\/wp-content\/uploads\/img_a380213_w3266_t1591702025.png","url":"https:\/\/www.pavan.cz\/wp-content\/uploads\/img_a380213_w3266_t1591702025.png","height":0,"width":0},"wordCount":459,"keywords":null},{"@type":"Article","@id":"https:\/\/www.pavan.cz\/do-chorvatska-rychle-a-levne\/","headline":"Do Chorvatska rychle a levn\u011b","url":"https:\/\/www.pavan.cz\/do-chorvatska-rychle-a-levne\/","datePublished":"2020-01-03","dateModified":"2024-01-03","mainEntityOfPage":"https:\/\/www.pavan.cz\/do-chorvatska-rychle-a-levne\/","author":{"@type":"Person","@id":"https:\/\/www.pavan.cz\/author\/#Person","name":"","url":"https:\/\/www.pavan.cz\/author\/","identifier":1,"image":{"@type":"ImageObject","@id":"https:\/\/secure.gravatar.com\/avatar\/a414941ff2b86a79f1a70a433f21d60df00047fefe742a46b6fded139881a475?s=96&d=mm&r=g","url":"https:\/\/secure.gravatar.com\/avatar\/a414941ff2b86a79f1a70a433f21d60df00047fefe742a46b6fded139881a475?s=96&d=mm&r=g","height":96,"width":96}},"publisher":{"@type":"Organization","name":"pavan.cz","logo":{"@type":"ImageObject","@id":"\/logo.png","url":"\/logo.png","width":600,"height":60}},"image":{"@type":"ImageObject","@id":"https:\/\/www.pavan.cz\/wp-content\/uploads\/img_a371972_w1723_t1583308475.jpg","url":"https:\/\/www.pavan.cz\/wp-content\/uploads\/img_a371972_w1723_t1583308475.jpg","height":0,"width":0},"wordCount":880,"keywords":null},{"@type":"Article","@id":"https:\/\/www.pavan.cz\/kurzove-sazeni\/","headline":"Kurzov\u00e9 s\u00e1zen\u00ed","url":"https:\/\/www.pavan.cz\/kurzove-sazeni\/","datePublished":"2019-12-25","dateModified":"2019-12-25","mainEntityOfPage":"https:\/\/www.pavan.cz\/kurzove-sazeni\/","author":{"@type":"Person","@id":"https:\/\/www.pavan.cz\/author\/#Person","name":"","url":"https:\/\/www.pavan.cz\/author\/","identifier":1,"image":{"@type":"ImageObject","@id":"https:\/\/secure.gravatar.com\/avatar\/a414941ff2b86a79f1a70a433f21d60df00047fefe742a46b6fded139881a475?s=96&d=mm&r=g","url":"https:\/\/secure.gravatar.com\/avatar\/a414941ff2b86a79f1a70a433f21d60df00047fefe742a46b6fded139881a475?s=96&d=mm&r=g","height":96,"width":96}},"publisher":{"@type":"Organization","name":"pavan.cz","logo":{"@type":"ImageObject","@id":"\/logo.png","url":"\/logo.png","width":600,"height":60}},"image":{"@type":"ImageObject","@id":"https:\/\/www.pavan.cz\/wp-content\/uploads\/img_a364608_w4402_t1577291477.jpg","url":"https:\/\/www.pavan.cz\/wp-content\/uploads\/img_a364608_w4402_t1577291477.jpg","height":0,"width":0},"wordCount":512,"keywords":null},{"@type":"Article","@id":"https:\/\/www.pavan.cz\/unica-colors-rozzari-vas-domov\/","headline":"UNICA Colors rozz\u00e1\u0159\u00ed v\u00e1\u0161 domov","url":"https:\/\/www.pavan.cz\/unica-colors-rozzari-vas-domov\/","datePublished":"2019-12-04","dateModified":"2023-12-20","mainEntityOfPage":"https:\/\/www.pavan.cz\/unica-colors-rozzari-vas-domov\/","author":{"@type":"Person","@id":"https:\/\/www.pavan.cz\/author\/#Person","name":"","url":"https:\/\/www.pavan.cz\/author\/","identifier":1,"image":{"@type":"ImageObject","@id":"https:\/\/secure.gravatar.com\/avatar\/a414941ff2b86a79f1a70a433f21d60df00047fefe742a46b6fded139881a475?s=96&d=mm&r=g","url":"https:\/\/secure.gravatar.com\/avatar\/a414941ff2b86a79f1a70a433f21d60df00047fefe742a46b6fded139881a475?s=96&d=mm&r=g","height":96,"width":96}},"publisher":{"@type":"Organization","name":"pavan.cz","logo":{"@type":"ImageObject","@id":"\/logo.png","url":"\/logo.png","width":600,"height":60}},"image":{"@type":"ImageObject","@id":"https:\/\/www.pavan.cz\/wp-content\/uploads\/img_a377802_w4244_t1589273052.jpg","url":"https:\/\/www.pavan.cz\/wp-content\/uploads\/img_a377802_w4244_t1589273052.jpg","height":0,"width":0},"wordCount":846,"keywords":null}]},{"@context":"https:\/\/schema.org","@type":"WebSite","@id":"https:\/\/www.pavan.cz\/#website","name":"Pavan","url":"https:\/\/www.pavan.cz","potentialAction":{"@type":"SearchAction","target":"https:\/\/www.pavan.cz\/?s={search_term_string}","query-input":"required name=search_term_string"}}]