[{"@context":"https:\/\/schema.org\/","@type":"Blog","@id":"https:\/\/www.pavan.cz#Blog","headline":"Pavan","description":"\nInternet je pln\u00fd nejr\u016fzn\u011bj\u0161\u00edch web\u016f. A proto\u017ee tyto nejsou jeden jako druh\u00fd, je z\u00e1hodno si z nich vybrat ty nejlep\u0161\u00ed nab\u00eddky. Tedy t\u0159eba i n\u00e1\u0161 web.","url":"https:\/\/www.pavan.cz","hasPart":[{"@type":"Article","@id":"https:\/\/www.pavan.cz\/pronajem-chata\/","headline":"Pron\u00e1jem chata","url":"https:\/\/www.pavan.cz\/pronajem-chata\/","datePublished":"2023-12-12","dateModified":"2023-12-12","mainEntityOfPage":"https:\/\/www.pavan.cz\/pronajem-chata\/","author":{"@type":"Person","@id":"https:\/\/www.pavan.cz\/author\/#Person","name":"","url":"https:\/\/www.pavan.cz\/author\/","identifier":1,"image":{"@type":"ImageObject","@id":"https:\/\/secure.gravatar.com\/avatar\/a414941ff2b86a79f1a70a433f21d60df00047fefe742a46b6fded139881a475?s=96&d=mm&r=g","url":"https:\/\/secure.gravatar.com\/avatar\/a414941ff2b86a79f1a70a433f21d60df00047fefe742a46b6fded139881a475?s=96&d=mm&r=g","height":96,"width":96}},"publisher":{"@type":"Organization","name":"pavan.cz","logo":{"@type":"ImageObject","@id":"\/logo.png","url":"\/logo.png","width":600,"height":60}},"image":null,"wordCount":251,"keywords":null},{"@type":"Article","@id":"https:\/\/www.pavan.cz\/shodte-kila\/","headline":"Sho\u010fte kila","url":"https:\/\/www.pavan.cz\/shodte-kila\/","datePublished":"2023-11-27","dateModified":"2023-11-27","mainEntityOfPage":"https:\/\/www.pavan.cz\/shodte-kila\/","author":{"@type":"Person","@id":"https:\/\/www.pavan.cz\/author\/#Person","name":"","url":"https:\/\/www.pavan.cz\/author\/","identifier":1,"image":{"@type":"ImageObject","@id":"https:\/\/secure.gravatar.com\/avatar\/a414941ff2b86a79f1a70a433f21d60df00047fefe742a46b6fded139881a475?s=96&d=mm&r=g","url":"https:\/\/secure.gravatar.com\/avatar\/a414941ff2b86a79f1a70a433f21d60df00047fefe742a46b6fded139881a475?s=96&d=mm&r=g","height":96,"width":96}},"publisher":{"@type":"Organization","name":"pavan.cz","logo":{"@type":"ImageObject","@id":"\/logo.png","url":"\/logo.png","width":600,"height":60}},"image":{"@type":"ImageObject","@id":"https:\/\/www.pavan.cz\/wp-content\/uploads\/man-1282232_1280_2.jpg","url":"https:\/\/www.pavan.cz\/wp-content\/uploads\/man-1282232_1280_2.jpg","height":0,"width":0},"wordCount":509,"keywords":null},{"@type":"Article","@id":"https:\/\/www.pavan.cz\/zelena-medicina\/","headline":"Zelen\u00e1 medic\u00edna","url":"https:\/\/www.pavan.cz\/zelena-medicina\/","datePublished":"2023-11-07","dateModified":"2023-11-07","mainEntityOfPage":"https:\/\/www.pavan.cz\/zelena-medicina\/","author":{"@type":"Person","@id":"https:\/\/www.pavan.cz\/author\/#Person","name":"","url":"https:\/\/www.pavan.cz\/author\/","identifier":1,"image":{"@type":"ImageObject","@id":"https:\/\/secure.gravatar.com\/avatar\/a414941ff2b86a79f1a70a433f21d60df00047fefe742a46b6fded139881a475?s=96&d=mm&r=g","url":"https:\/\/secure.gravatar.com\/avatar\/a414941ff2b86a79f1a70a433f21d60df00047fefe742a46b6fded139881a475?s=96&d=mm&r=g","height":96,"width":96}},"publisher":{"@type":"Organization","name":"pavan.cz","logo":{"@type":"ImageObject","@id":"\/logo.png","url":"\/logo.png","width":600,"height":60}},"image":null,"wordCount":282,"keywords":null},{"@type":"Article","@id":"https:\/\/www.pavan.cz\/proc-je-v-mode-vlastnit-exoticka-zvirata\/","headline":"Pro\u010d je v m\u00f3d\u011b vlastnit exotick\u00e1 zv\u00ed\u0159ata?","url":"https:\/\/www.pavan.cz\/proc-je-v-mode-vlastnit-exoticka-zvirata\/","datePublished":"2023-11-03","dateModified":"2024-01-03","mainEntityOfPage":"https:\/\/www.pavan.cz\/proc-je-v-mode-vlastnit-exoticka-zvirata\/","author":{"@type":"Person","@id":"https:\/\/www.pavan.cz\/author\/#Person","name":"","url":"https:\/\/www.pavan.cz\/author\/","identifier":1,"image":{"@type":"ImageObject","@id":"https:\/\/secure.gravatar.com\/avatar\/a414941ff2b86a79f1a70a433f21d60df00047fefe742a46b6fded139881a475?s=96&d=mm&r=g","url":"https:\/\/secure.gravatar.com\/avatar\/a414941ff2b86a79f1a70a433f21d60df00047fefe742a46b6fded139881a475?s=96&d=mm&r=g","height":96,"width":96}},"publisher":{"@type":"Organization","name":"pavan.cz","logo":{"@type":"ImageObject","@id":"\/logo.png","url":"\/logo.png","width":600,"height":60}},"image":{"@type":"ImageObject","@id":"https:\/\/www.pavan.cz\/wp-content\/uploads\/zoo2_9.jpg","url":"https:\/\/www.pavan.cz\/wp-content\/uploads\/zoo2_9.jpg","height":0,"width":0},"wordCount":973,"keywords":null},{"@type":"Article","@id":"https:\/\/www.pavan.cz\/lepsi-pozde-nez-nikdy\/","headline":"Lep\u0161\u00ed pozd\u011b ne\u017e nikdy","url":"https:\/\/www.pavan.cz\/lepsi-pozde-nez-nikdy\/","datePublished":"2023-10-17","dateModified":"2023-10-17","mainEntityOfPage":"https:\/\/www.pavan.cz\/lepsi-pozde-nez-nikdy\/","author":{"@type":"Person","@id":"https:\/\/www.pavan.cz\/author\/#Person","name":"","url":"https:\/\/www.pavan.cz\/author\/","identifier":1,"image":{"@type":"ImageObject","@id":"https:\/\/secure.gravatar.com\/avatar\/a414941ff2b86a79f1a70a433f21d60df00047fefe742a46b6fded139881a475?s=96&d=mm&r=g","url":"https:\/\/secure.gravatar.com\/avatar\/a414941ff2b86a79f1a70a433f21d60df00047fefe742a46b6fded139881a475?s=96&d=mm&r=g","height":96,"width":96}},"publisher":{"@type":"Organization","name":"pavan.cz","logo":{"@type":"ImageObject","@id":"\/logo.png","url":"\/logo.png","width":600,"height":60}},"image":{"@type":"ImageObject","@id":"https:\/\/www.pavan.cz\/wp-content\/uploads\/fotovoltaika_1.jpg","url":"https:\/\/www.pavan.cz\/wp-content\/uploads\/fotovoltaika_1.jpg","height":0,"width":0},"wordCount":524,"keywords":null},{"@type":"Article","@id":"https:\/\/www.pavan.cz\/diky-nam-se-nenechate-nachytat-od-podvodniku\/","headline":"D\u00edky n\u00e1m se nenech\u00e1te nachytat od podvodn\u00edk\u016f","url":"https:\/\/www.pavan.cz\/diky-nam-se-nenechate-nachytat-od-podvodniku\/","datePublished":"2023-09-30","dateModified":"2023-09-30","mainEntityOfPage":"https:\/\/www.pavan.cz\/diky-nam-se-nenechate-nachytat-od-podvodniku\/","author":{"@type":"Person","@id":"https:\/\/www.pavan.cz\/author\/#Person","name":"","url":"https:\/\/www.pavan.cz\/author\/","identifier":1,"image":{"@type":"ImageObject","@id":"https:\/\/secure.gravatar.com\/avatar\/a414941ff2b86a79f1a70a433f21d60df00047fefe742a46b6fded139881a475?s=96&d=mm&r=g","url":"https:\/\/secure.gravatar.com\/avatar\/a414941ff2b86a79f1a70a433f21d60df00047fefe742a46b6fded139881a475?s=96&d=mm&r=g","height":96,"width":96}},"publisher":{"@type":"Organization","name":"pavan.cz","logo":{"@type":"ImageObject","@id":"\/logo.png","url":"\/logo.png","width":600,"height":60}},"image":null,"wordCount":300,"keywords":null},{"@type":"Article","@id":"https:\/\/www.pavan.cz\/moda-a-obleceni\/","headline":"M\u00f3da a oble\u010den\u00ed","url":"https:\/\/www.pavan.cz\/moda-a-obleceni\/","datePublished":"2023-09-23","dateModified":"2024-02-23","mainEntityOfPage":"https:\/\/www.pavan.cz\/moda-a-obleceni\/","author":{"@type":"Person","@id":"https:\/\/www.pavan.cz\/author\/#Person","name":"","url":"https:\/\/www.pavan.cz\/author\/","identifier":1,"image":{"@type":"ImageObject","@id":"https:\/\/secure.gravatar.com\/avatar\/a414941ff2b86a79f1a70a433f21d60df00047fefe742a46b6fded139881a475?s=96&d=mm&r=g","url":"https:\/\/secure.gravatar.com\/avatar\/a414941ff2b86a79f1a70a433f21d60df00047fefe742a46b6fded139881a475?s=96&d=mm&r=g","height":96,"width":96}},"publisher":{"@type":"Organization","name":"pavan.cz","logo":{"@type":"ImageObject","@id":"\/logo.png","url":"\/logo.png","width":600,"height":60}},"image":{"@type":"ImageObject","@id":"https:\/\/www.pavan.cz\/wp-content\/uploads\/fashion-4905779_960_720.jpg","url":"https:\/\/www.pavan.cz\/wp-content\/uploads\/fashion-4905779_960_720.jpg","height":0,"width":0},"wordCount":953,"keywords":null},{"@type":"Article","@id":"https:\/\/www.pavan.cz\/spolehliva-ochrana-behem-vasi-menstruace\/","headline":"Spolehliv\u00e1 ochrana b\u011bhem va\u0161\u00ed menstruace","url":"https:\/\/www.pavan.cz\/spolehliva-ochrana-behem-vasi-menstruace\/","datePublished":"2023-09-23","dateModified":"2023-10-31","mainEntityOfPage":"https:\/\/www.pavan.cz\/spolehliva-ochrana-behem-vasi-menstruace\/","author":{"@type":"Person","@id":"https:\/\/www.pavan.cz\/author\/#Person","name":"","url":"https:\/\/www.pavan.cz\/author\/","identifier":1,"image":{"@type":"ImageObject","@id":"https:\/\/secure.gravatar.com\/avatar\/a414941ff2b86a79f1a70a433f21d60df00047fefe742a46b6fded139881a475?s=96&d=mm&r=g","url":"https:\/\/secure.gravatar.com\/avatar\/a414941ff2b86a79f1a70a433f21d60df00047fefe742a46b6fded139881a475?s=96&d=mm&r=g","height":96,"width":96}},"publisher":{"@type":"Organization","name":"pavan.cz","logo":{"@type":"ImageObject","@id":"\/logo.png","url":"\/logo.png","width":600,"height":60}},"image":{"@type":"ImageObject","@id":"https:\/\/www.pavan.cz\/wp-content\/uploads\/jen-theodore-eOTpCSrgmd0-unsplash.jpg","url":"https:\/\/www.pavan.cz\/wp-content\/uploads\/jen-theodore-eOTpCSrgmd0-unsplash.jpg","height":0,"width":0},"wordCount":518,"keywords":null},{"@type":"Article","@id":"https:\/\/www.pavan.cz\/fotografove-a-jejich-dila\/","headline":"Fotografov\u00e9 a jejich d\u00edla","url":"https:\/\/www.pavan.cz\/fotografove-a-jejich-dila\/","datePublished":"2023-09-23","dateModified":"2023-10-31","mainEntityOfPage":"https:\/\/www.pavan.cz\/fotografove-a-jejich-dila\/","author":{"@type":"Person","@id":"https:\/\/www.pavan.cz\/author\/#Person","name":"","url":"https:\/\/www.pavan.cz\/author\/","identifier":1,"image":{"@type":"ImageObject","@id":"https:\/\/secure.gravatar.com\/avatar\/a414941ff2b86a79f1a70a433f21d60df00047fefe742a46b6fded139881a475?s=96&d=mm&r=g","url":"https:\/\/secure.gravatar.com\/avatar\/a414941ff2b86a79f1a70a433f21d60df00047fefe742a46b6fded139881a475?s=96&d=mm&r=g","height":96,"width":96}},"publisher":{"@type":"Organization","name":"pavan.cz","logo":{"@type":"ImageObject","@id":"\/logo.png","url":"\/logo.png","width":600,"height":60}},"image":{"@type":"ImageObject","@id":"https:\/\/www.pavan.cz\/wp-content\/uploads\/family-7638962_1280.jpg","url":"https:\/\/www.pavan.cz\/wp-content\/uploads\/family-7638962_1280.jpg","height":0,"width":0},"wordCount":504,"keywords":null},{"@type":"Article","@id":"https:\/\/www.pavan.cz\/zarive-bile-zuby\/","headline":"Z\u00e1\u0159iv\u011b b\u00edl\u00e9 zuby","url":"https:\/\/www.pavan.cz\/zarive-bile-zuby\/","datePublished":"2023-09-20","dateModified":"2023-10-23","mainEntityOfPage":"https:\/\/www.pavan.cz\/zarive-bile-zuby\/","author":{"@type":"Person","@id":"https:\/\/www.pavan.cz\/author\/#Person","name":"","url":"https:\/\/www.pavan.cz\/author\/","identifier":1,"image":{"@type":"ImageObject","@id":"https:\/\/secure.gravatar.com\/avatar\/a414941ff2b86a79f1a70a433f21d60df00047fefe742a46b6fded139881a475?s=96&d=mm&r=g","url":"https:\/\/secure.gravatar.com\/avatar\/a414941ff2b86a79f1a70a433f21d60df00047fefe742a46b6fded139881a475?s=96&d=mm&r=g","height":96,"width":96}},"publisher":{"@type":"Organization","name":"pavan.cz","logo":{"@type":"ImageObject","@id":"\/logo.png","url":"\/logo.png","width":600,"height":60}},"image":{"@type":"ImageObject","@id":"https:\/\/www.pavan.cz\/wp-content\/uploads\/dentist-7397734_640(1)_10_6.jpg","url":"https:\/\/www.pavan.cz\/wp-content\/uploads\/dentist-7397734_640(1)_10_6.jpg","height":0,"width":0},"wordCount":525,"keywords":null}]},{"@context":"https:\/\/schema.org","@type":"WebSite","@id":"https:\/\/www.pavan.cz\/#website","name":"Pavan","url":"https:\/\/www.pavan.cz","potentialAction":{"@type":"SearchAction","target":"https:\/\/www.pavan.cz\/?s={search_term_string}","query-input":"required name=search_term_string"}}]