[{"@context":"https:\/\/schema.org\/","@type":"Article","@id":"https:\/\/www.pavan.cz\/pronajem-mikrobusu-pro-dovolenou-neni-nic-neobvykleho\/#Article","mainEntityOfPage":"https:\/\/www.pavan.cz\/pronajem-mikrobusu-pro-dovolenou-neni-nic-neobvykleho\/","headline":"Pron\u00e1jem mikrobusu pro dovolenou nen\u00ed nic neobvykl\u00e9ho","name":"Pron\u00e1jem mikrobusu pro dovolenou nen\u00ed nic neobvykl\u00e9ho","description":"Mikrobusy slou\u017e\u00ed ji\u017e \u0159adu let pro p\u0159epravu osob nap\u0159\u00edklad v r\u00e1mci prohl\u00eddkov\u00fdch okruh\u016f m\u011bsta, anebo pro p\u0159evoz pasa\u017e\u00e9r\u016f leteck\u00e9 p\u0159epravy, jestli\u017ee je nap\u0159\u00edklad leti\u0161t\u011b do\u010dasn\u011b uzav\u0159en\u00e9. Mikrobusy p\u0159epravovaly na p\u0159elomu mil\u00e9nia cestuj\u00edc\u00ed z ko\u0161ick\u00e9ho leti\u0161t\u011b do Popradu a ji\u017e na po\u010d\u00e1tku devades\u00e1t\u00fdch let jste je mohli v\u00eddat v Praze, v r\u00e1mci okru\u017en\u00edch j\u00edzd pro zahrani\u010dn\u00ed","datePublished":"2023-07-15","dateModified":"2023-09-21","author":{"@type":"Person","@id":"https:\/\/www.pavan.cz\/author\/#Person","name":"","url":"https:\/\/www.pavan.cz\/author\/","identifier":1,"image":{"@type":"ImageObject","@id":"https:\/\/secure.gravatar.com\/avatar\/a414941ff2b86a79f1a70a433f21d60df00047fefe742a46b6fded139881a475?s=96&d=mm&r=g","url":"https:\/\/secure.gravatar.com\/avatar\/a414941ff2b86a79f1a70a433f21d60df00047fefe742a46b6fded139881a475?s=96&d=mm&r=g","height":96,"width":96}},"publisher":{"@type":"Organization","name":"pavan.cz","logo":{"@type":"ImageObject","@id":"\/logo.png","url":"\/logo.png","width":600,"height":60}},"image":{"@type":"ImageObject","@id":"https:\/\/www.pavan.cz\/wp-content\/uploads\/vw-bus-1845719_640.jpg","url":"https:\/\/www.pavan.cz\/wp-content\/uploads\/vw-bus-1845719_640.jpg","height":0,"width":0},"url":"https:\/\/www.pavan.cz\/pronajem-mikrobusu-pro-dovolenou-neni-nic-neobvykleho\/","about":["Firmy"],"wordCount":408,"articleBody":"      Mikrobusy slou\u017e\u00ed ji\u017e \u0159adu let pro p\u0159epravu osob nap\u0159\u00edklad v r\u00e1mci prohl\u00eddkov\u00fdch okruh\u016f m\u011bsta, anebo pro p\u0159evoz pasa\u017e\u00e9r\u016f leteck\u00e9 p\u0159epravy, jestli\u017ee je nap\u0159\u00edklad leti\u0161t\u011b do\u010dasn\u011b uzav\u0159en\u00e9. Mikrobusy p\u0159epravovaly na p\u0159elomu mil\u00e9nia cestuj\u00edc\u00ed z ko\u0161ick\u00e9ho leti\u0161t\u011b do Popradu a ji\u017e na po\u010d\u00e1tku devades\u00e1t\u00fdch let jste je mohli v\u00eddat v Praze, v r\u00e1mci okru\u017en\u00edch j\u00edzd pro zahrani\u010dn\u00ed klientelu. Z\u00e1jem o tato vozidla vzrostl a dnes je mo\u017en\u00e9 vyu\u017e\u00edt p\u016fj\u010dovnu mikrobus\u016f v Praze zcela b\u011b\u017en\u011b pro jak\u00e9koli vhodn\u00e9 soukrom\u00e9 \u00fa\u010dely. Jedn\u00edm z nich se m\u016f\u017ee st\u00e1t i j\u00edzda na dovolenou ve sp\u0159\u00e1telen\u00e9m kolektivu vod\u00e1k\u016f nebo cyklist\u016f. Vod\u00e1ci za mikrobus zap\u0159\u00e1hnou p\u0159\u00edv\u011bs pro p\u0159epravu lod\u00ed a zavazadel a cyklist\u00e9 t\u00edmto zp\u016fsobem snadno p\u0159eprav\u00ed j\u00edzdn\u00ed kola na m\u00edsto ur\u010den\u00ed, ani\u017e by byli z\u00e1visl\u00ed na p\u016fj\u010dovn\u00e1ch sportovn\u00edho vybaven\u00ed. P\u0159ece jen je vlastn\u00ed p\u0159eprava v\u00fdhodn\u011bj\u0161\u00ed zejm\u00e9na proto, \u017ee lze pru\u017en\u011b m\u011bnit trasu podle sv\u00e9ho uv\u00e1\u017een\u00ed, n\u00e1lady a tak\u00e9 po\u010das\u00ed, a po organiza\u010dn\u00ed str\u00e1nce je to velmi jednoduch\u00e9 \u2013 sta\u010d\u00ed se domluvit na m\u00edst\u011b a b\u011bhem n\u011bkolika minut ji\u017e nakl\u00e1d\u00e1te do auta a chyst\u00e1te se k odjezdu.Cestov\u00e1n\u00ed s mikrobusem m\u016f\u017ee prob\u00edhat i jako hv\u011bzdicov\u00fd z\u00e1jezd. Pokud trasu napl\u00e1nujete tak, aby ji\u017e samotn\u00e1 j\u00edzda byla sama o sob\u011b dostate\u010dn\u011b atraktivn\u00ed, nebudete se tu nudit ani minutu. Jen v\u011bd\u011bt, kam se vydat, aby to skute\u010dn\u011b st\u00e1lo za to.Doporu\u010dit bychom v\u00e1m mohli cestu pod\u00e9l Vltavy, od Soumarsk\u00e9ho mostu p\u0159es Lenoru, Novou Pec, Horn\u00ed Planou, Frymburk, Lipno, Lou\u010dovice a\u017e k Vy\u0161\u0161\u00edmu Brodu, Ro\u017emberku nad Vltavou, s c\u00edlem v \u010cesk\u00e9m Krumlov\u011b, anebo ve Zlat\u00e9 Korun\u011b \u010di pod z\u0159\u00edceninou hradu D\u00edv\u010d\u00ed K\u00e1men. Zaj\u00edmav\u00e9 putov\u00e1n\u00ed pro\u017eijete i pod\u00e9l \u0159ek Lu\u017enice, S\u00e1zavy nebo Berounky, \u0159\u00ed\u010dn\u00ed koryta jsou toti\u017e poz\u016fstalost\u00ed na mnoha m\u00edstech nedot\u010den\u00e9 krajiny, v chr\u00e1n\u011bn\u00fdch krajinn\u00fdch oblastech, a jsou tu zaj\u00edmav\u00e1 z\u00e1kout\u00ed, vyhl\u00eddky i m\u00edsta pro t\u00e1bo\u0159en\u00ed.                                                                                                                                                                                                                                                                                                                                                                                           4.1\/5 - (9 votes)        "},{"@context":"https:\/\/schema.org\/","@type":"BreadcrumbList","itemListElement":[{"@type":"ListItem","position":1,"name":"Pron\u00e1jem mikrobusu pro dovolenou nen\u00ed nic neobvykl\u00e9ho","item":"https:\/\/www.pavan.cz\/pronajem-mikrobusu-pro-dovolenou-neni-nic-neobvykleho\/#breadcrumbitem"}]}]