[{"@context":"https:\/\/schema.org\/","@type":"Article","@id":"https:\/\/www.pavan.cz\/vikendovy-pobyt\/#Article","mainEntityOfPage":"https:\/\/www.pavan.cz\/vikendovy-pobyt\/","headline":"V\u00edkendov\u00fd pobyt","name":"V\u00edkendov\u00fd pobyt","description":"V p\u0159\u00edpad\u011b, \u017ee hled\u00e1te v\u00edkendov\u00fd pobyt v r\u00e1mci \u010cesk\u00e9 republiky a chcete b\u00fdt ubytov\u00e1ni jako ryze \u010desk\u00fd chata\u0159 nebo chalup\u00e1\u0159, jste na spr\u00e1vn\u00e9 adrese a vyb\u00edrejte si z nab\u00eddky mo\u017en\u00fdch objekt\u016f, kter\u00e9 pro v\u00e1s m\u00e1me. Nez\u00e1le\u017e\u00ed n\u00e1m na tom, v jak\u00e9 \u010d\u00e1sti \u010cech chcete v\u00edkendov\u00fd pobyt str\u00e1vit. Chaty a chalupy jsou v\u00e1m k dispozici nap\u0159\u00ed\u010d","datePublished":"2025-03-03","dateModified":"2025-03-03","author":{"@type":"Person","@id":"https:\/\/www.pavan.cz\/author\/#Person","name":"","url":"https:\/\/www.pavan.cz\/author\/","identifier":1,"image":{"@type":"ImageObject","@id":"https:\/\/secure.gravatar.com\/avatar\/a414941ff2b86a79f1a70a433f21d60df00047fefe742a46b6fded139881a475?s=96&d=mm&r=g","url":"https:\/\/secure.gravatar.com\/avatar\/a414941ff2b86a79f1a70a433f21d60df00047fefe742a46b6fded139881a475?s=96&d=mm&r=g","height":96,"width":96}},"publisher":{"@type":"Organization","name":"pavan.cz","logo":{"@type":"ImageObject","@id":"\/logo.png","url":"\/logo.png","width":600,"height":60}},"url":"https:\/\/www.pavan.cz\/vikendovy-pobyt\/","wordCount":200,"articleBody":"V p\u0159\u00edpad\u011b, \u017ee hled\u00e1te v\u00edkendov\u00fd pobyt v r\u00e1mci \u010cesk\u00e9 republiky a chcete b\u00fdt ubytov\u00e1ni jako ryze \u010desk\u00fd chata\u0159 nebo chalup\u00e1\u0159, jste na spr\u00e1vn\u00e9 adrese a vyb\u00edrejte si z nab\u00eddky mo\u017en\u00fdch objekt\u016f, kter\u00e9 pro v\u00e1s m\u00e1me.Nez\u00e1le\u017e\u00ed n\u00e1m na tom, v jak\u00e9 \u010d\u00e1sti \u010cech chcete v\u00edkendov\u00fd pobyt str\u00e1vit. Chaty a chalupy jsou v\u00e1m k dispozici nap\u0159\u00ed\u010d kraji, volte mezi nimi tedy sami tak, jak chcete nebo jak\u00e9 ubytov\u00e1n\u00ed preferujete. N\u011bkomu z v\u00e1s bude vyhovovat mo\u017enost bl\u00edzk\u00e9ho koup\u00e1n\u00ed, ryba\u0159en\u00ed, jin\u00e9mu zase les a mo\u017enost houba\u0159en\u00ed, najdou se mezi v\u00e1mi jist\u011b i tac\u00ed, kte\u0159\u00ed budou cht\u00edt cestovat a nav\u0161t\u00edvit t\u0159eba v\u00fdznamn\u00e9 \u010desk\u00e9 kulturn\u00ed nebo p\u0159\u00edrodn\u00ed pam\u00e1tky. V\u0161em dok\u00e1\u017eeme vyj\u00edt vst\u0159\u00edc!V\u00edkendov\u00fd pobyt v\u00e1m zajist\u00edme tam, kde budete cht\u00edt. V\u00fdb\u011br je \u0161irok\u00fd, z\u00e1le\u017e\u00ed jen na v\u00e1s. V\u0161echna m\u00edsta jsou ale ov\u011b\u0159en\u00e1 a nehroz\u00ed, \u017ee by v\u00e1s \u010dekala jin\u00e1 \u00farove\u0148 z\u00e1zem\u00ed, ne\u017e je zobrazeno u jednotliv\u00fdch nab\u00eddek.                                                                                                                                                                                                                                                                                                                                                                                        3.5\/5 - (2 votes)        "},{"@context":"https:\/\/schema.org\/","@type":"BreadcrumbList","itemListElement":[{"@type":"ListItem","position":1,"name":"V\u00edkendov\u00fd pobyt","item":"https:\/\/www.pavan.cz\/vikendovy-pobyt\/#breadcrumbitem"}]}]